{"id":14645,"date":"2025-04-11T14:01:19","date_gmt":"2025-04-11T13:01:19","guid":{"rendered":"https:\/\/www.tratamientodelasadicciones.org\/el-programa-preserva-muestra-avances-en-la-recuperacion-cognitiva-de-personas-mayores-de-45-anos-en-tratamiento-por-drogodependencias\/"},"modified":"2025-04-11T14:04:03","modified_gmt":"2025-04-11T13:04:03","slug":"el-programa-preserva-muestra-avances-en-la-recuperacion-cognitiva-de-personas-mayores-de-45-anos-en-tratamiento-por-drogodependencias","status":"publish","type":"post","link":"https:\/\/www.tratamientodelasadicciones.org\/ca\/el-programa-preserva-muestra-avances-en-la-recuperacion-cognitiva-de-personas-mayores-de-45-anos-en-tratamiento-por-drogodependencias\/","title":{"rendered":"El programa PRESERVA mostra aven\u00e7os en la recuperaci\u00f3 cognitiva de persones majors de 45 anys en tractament per drogodepend\u00e8ncies"},"content":{"rendered":"<p class=\"\" data-start=\"278\" data-end=\"645\">La Fundaci\u00f3 Salut i Comunitat (FSC) ha desenvolupat el programa PRESERVA, una iniciativa orientada a millorar les capacitats cognitives de persones majors de 45 anys en tractament per drogodepend\u00e8ncies. Aquesta proposta s\u2019emmarca dins el treball de l\u2019\u00c0rea d\u2019Addiccions, G\u00e8nere i Fam\u00edlia de l\u2019entitat, en col\u00b7laboraci\u00f3 amb el seu equip d\u2019avaluaci\u00f3 i investigaci\u00f3. <\/p>\n<p class=\"\" data-start=\"647\" data-end=\"1109\">Durant el 2024, el programa s\u2019ha implementat a la Comunitat Terap\u00e8utica &#8220;Can Coll&#8221; amb una mostra de 14 persones majors de 45 anys. Per valorar l\u2019impacte del programa, s\u2019han utilitzat eines com el Test Cognitiu de Montreal (MoCA), que permet avaluar aspectes com la mem\u00f2ria, l\u2019orientaci\u00f3 i l\u2019atenci\u00f3, i l\u2019Inventari de S\u00edmptomes Prefrontals (ISP-20), centrat en funcions executives com la planificaci\u00f3, la presa de decisions i el control emocional. <\/p>\n<p class=\"\" data-start=\"1111\" data-end=\"1523\">Les dades inicials obtingudes a trav\u00e9s del MoCA no van mostrar difer\u00e8ncies estad\u00edsticament significatives entre grups d\u2019edat, tot i que es va identificar una tend\u00e8ncia a puntuacions m\u00e9s baixes en els majors de 45 anys, cosa que podria estar vinculada a un deteriorament cognitiu lleu. En canvi, l\u2019ISP-20 s\u00ed que va reflectir difer\u00e8ncies rellevants, amb m\u00e9s dificultats en funcions executives entre els participants de m\u00e9s edat. <\/p>\n<p class=\"\" data-start=\"1525\" data-end=\"1850\">La intervenci\u00f3 aplicada va incloure sessions grupals d\u2019estimulaci\u00f3 cognitiva, acompanyades de ter\u00e0pia individual i seguiment per part d\u2019un equip multidisciplinari. Les activitats es van centrar en l\u2019enfortiment de funcions com la mem\u00f2ria, l\u2019orientaci\u00f3 espacial, la planificaci\u00f3 de tasques i el control dels impulsos. <\/p>\n<p class=\"\" data-start=\"1852\" data-end=\"2243\">Despr\u00e9s de l\u2019aplicaci\u00f3 del programa, es va registrar una millora significativa en els resultats del MoCA, amb una evoluci\u00f3 de 23,3 a 25,6 punts. Aix\u00ed mateix, les puntuacions de l\u2019ISP-20 van disminuir, la qual cosa reflecteix aven\u00e7os en la capacitat de planificaci\u00f3, motivaci\u00f3 i presa de decisions. A m\u00e9s, es van observar millores en \u00e0rees complement\u00e0ries com la qualitat de vida, l\u2019ansietat i la impulsivitat.  <\/p>\n<p class=\"\" data-start=\"2245\" data-end=\"2653\">Paral\u00b7lelament, es va analitzar un grup control de persones amb caracter\u00edstiques similars que no van participar en el programa. Comparativament, les millores en el grup que s\u00ed que va rebre la intervenci\u00f3 van ser m\u00e9s notables en indicadors com la qualitat de vida, la reducci\u00f3 de l\u2019ansietat i el control de la impulsivitat. La disminuci\u00f3 dels s\u00edmptomes depressius tamb\u00e9 es va observar, tot i que no va assolir significaci\u00f3 estad\u00edstica.  <\/p>\n<p class=\"\" data-start=\"2655\" data-end=\"2981\">D\u2019altra banda, la valoraci\u00f3 de les persones usu\u00e0ries indica un elevat grau de satisfacci\u00f3. El 100% dels participants va considerar que la ter\u00e0pia es va ajustar a les seves necessitats i m\u00e9s del 92% va indicar haver experimentat millores en la seva situaci\u00f3 general. Aix\u00ed mateix, el 76% va afirmar sentir-se m\u00e9s \u00e0gil mentalment despr\u00e9s de la intervenci\u00f3.  <\/p>\n<p class=\"\" data-start=\"2983\" data-end=\"3348\">Des de la FSC s\u2019apunta a la necessitat de continuar amb l\u2019avaluaci\u00f3 del programa en contextos m\u00e9s amplis, atesa la mida redu\u00efda de la mostra inicial. L\u2019objectiu \u00e9s consolidar PRESERVA com un model adaptat a les necessitats espec\u00edfiques de les persones grans en tractament per drogodepend\u00e8ncies, i estendre\u2019n l\u2019aplicaci\u00f3 a altres centres en els pr\u00f2xims anys. <\/p>\n","protected":false},"excerpt":{"rendered":"<p>La Fundaci\u00f3 Salut i Comunitat (FSC) ha desenvolupat el programa PRESERVA, una iniciativa orientada a millorar les capacitats cognitives de persones majors de 45 anys en tractament per drogodepend\u00e8ncies. Aquesta proposta s\u2019emmarca dins el treball de l\u2019\u00c0rea d\u2019Addiccions, G\u00e8nere i Fam\u00edlia de l\u2019entitat, en col\u00b7laboraci\u00f3 amb el seu equip d\u2019avaluaci\u00f3 i investigaci\u00f3. Durant el 2024, [&hellip;]<\/p>\n","protected":false},"author":1,"featured_media":11604,"comment_status":"open","ping_status":"open","sticky":false,"template":"","format":"standard","meta":{"_seopress_robots_primary_cat":"none","_seopress_titles_title":"","_seopress_titles_desc":"","_seopress_robots_index":"","_joinchat":[],"footnotes":""},"categories":[104],"tags":[105,106,107,108,109],"class_list":["post-14645","post","type-post","status-publish","format-standard","has-post-thumbnail","hentry","category-blog-ca-2","tag-drogodependencias-ca","tag-fundacion-salud-y-comunidad-ca","tag-intervencion-cognitiva-ca","tag-personas-mayores-ca","tag-salud-mental-ca"],"_links":{"self":[{"href":"https:\/\/www.tratamientodelasadicciones.org\/ca\/wp-json\/wp\/v2\/posts\/14645","targetHints":{"allow":["GET"]}}],"collection":[{"href":"https:\/\/www.tratamientodelasadicciones.org\/ca\/wp-json\/wp\/v2\/posts"}],"about":[{"href":"https:\/\/www.tratamientodelasadicciones.org\/ca\/wp-json\/wp\/v2\/types\/post"}],"author":[{"embeddable":true,"href":"https:\/\/www.tratamientodelasadicciones.org\/ca\/wp-json\/wp\/v2\/users\/1"}],"replies":[{"embeddable":true,"href":"https:\/\/www.tratamientodelasadicciones.org\/ca\/wp-json\/wp\/v2\/comments?post=14645"}],"version-history":[{"count":1,"href":"https:\/\/www.tratamientodelasadicciones.org\/ca\/wp-json\/wp\/v2\/posts\/14645\/revisions"}],"predecessor-version":[{"id":14648,"href":"https:\/\/www.tratamientodelasadicciones.org\/ca\/wp-json\/wp\/v2\/posts\/14645\/revisions\/14648"}],"wp:featuredmedia":[{"embeddable":true,"href":"https:\/\/www.tratamientodelasadicciones.org\/ca\/wp-json\/wp\/v2\/media\/11604"}],"wp:attachment":[{"href":"https:\/\/www.tratamientodelasadicciones.org\/ca\/wp-json\/wp\/v2\/media?parent=14645"}],"wp:term":[{"taxonomy":"category","embeddable":true,"href":"https:\/\/www.tratamientodelasadicciones.org\/ca\/wp-json\/wp\/v2\/categories?post=14645"},{"taxonomy":"post_tag","embeddable":true,"href":"https:\/\/www.tratamientodelasadicciones.org\/ca\/wp-json\/wp\/v2\/tags?post=14645"}],"curies":[{"name":"wp","href":"https:\/\/api.w.org\/{rel}","templated":true}]}}